{"id":19,"date":"2025-07-18T06:16:48","date_gmt":"2025-07-18T06:16:48","guid":{"rendered":"https:\/\/caran.website\/Blog2\/?p=19"},"modified":"2025-08-02T17:22:50","modified_gmt":"2025-08-02T17:22:50","slug":"ciudad-de-mexico","status":"publish","type":"post","link":"https:\/\/caran.website\/Blog2\/2025\/07\/18\/ciudad-de-mexico\/","title":{"rendered":"Ciudad de M\u00e9xico"},"content":{"rendered":"\n<p>Una ciudad gigante que me abraz\u00f3 con cultura, comida y gente c\u00e1lida.<\/p>\n\n\n\n<p class=\"has-small-font-size\">Ciudad de M\u00e9xico fue una sorpresa desde el primer minuto. Siempre pens\u00e9 que ser\u00eda demasiado ca\u00f3tica, y s\u00ed, lo es\u2026 pero tambi\u00e9n est\u00e1 llena de historia, arte y un coraz\u00f3n enorme. Es una ciudad viva, que respira fuerte, que te empuja a caminar, probar, mirar, escuchar.<\/p>\n\n\n\n<p class=\"has-small-font-size\">Una de mis paradas favoritas fue el Centro Hist\u00f3rico. Caminar por la calle Madero, ver el Z\u00f3calo, entrar a la Catedral y luego tomar un caf\u00e9 viendo pasar a miles de personas es una experiencia \u00fanica. Cada rinc\u00f3n tiene capas de historia. Aqu\u00ed puedes ver lo prehisp\u00e1nico, lo colonial y lo moderno conviviendo en un solo lugar.<\/p>\n\n\n\n<p class=\"has-small-font-size\">Tambi\u00e9n visit\u00e9 Coyoac\u00e1n, un barrio lleno de color, arte y calma, donde est\u00e1 la famosa Casa Azul de Frida Kahlo. Aprend\u00ed sobre su vida, su dolor, su fuerza, y eso me hizo mirar el arte mexicano con otros ojos.<\/p>\n\n\n\n<p class=\"has-small-font-size\">Y por supuesto: la comida. Desde tacos callejeros hasta restaurantes gourmet, todo en CDMX tiene sabor. Prob\u00e9 mole, tlayudas, esquites, tamales y m\u00e1s. Comer aqu\u00ed es parte del viaje cultural.<\/p>\n\n\n\n<p class=\"has-small-font-size\">Ciudad de M\u00e9xico no es solo una ciudad enorme, es una mezcla intensa de pasado y presente. Una ciudad que se queda contigo.<\/p>\n\n\n\n<figure class=\"wp-block-image size-large is-resized\"><img decoding=\"async\" src=\"https:\/\/www.holidaydiscountcentre.co.uk\/images\/newsletter\/dreamssandscancunhdc30thjan24.gif\" alt=\"\" style=\"width:840px;height:auto\"\/><\/figure>\n\n\n\n<p class=\"has-text-align-center is-style-text-annotation has-small-font-size\">CDMX me ense\u00f1\u00f3 que una ciudad no se mide solo por su tama\u00f1o, sino por c\u00f3mo te hace sentir. \u00bfQu\u00e9 ciudad te ha marcado a ti? Te leo en los comentarios.<\/p>\n\n\n\n<p><\/p>\n","protected":false},"excerpt":{"rendered":"<p>Una ciudad gigante que me abraz\u00f3 con cultura, comida y gente c\u00e1lida. Ciudad de M\u00e9xico&hellip;<\/p>\n","protected":false},"author":1,"featured_media":29,"comment_status":"open","ping_status":"open","sticky":false,"template":"","format":"standard","meta":{"footnotes":""},"categories":[4],"tags":[],"class_list":["post-19","post","type-post","status-publish","format-standard","has-post-thumbnail","hentry","category-ciudades_cultura"],"_links":{"self":[{"href":"https:\/\/caran.website\/Blog2\/wp-json\/wp\/v2\/posts\/19","targetHints":{"allow":["GET"]}}],"collection":[{"href":"https:\/\/caran.website\/Blog2\/wp-json\/wp\/v2\/posts"}],"about":[{"href":"https:\/\/caran.website\/Blog2\/wp-json\/wp\/v2\/types\/post"}],"author":[{"embeddable":true,"href":"https:\/\/caran.website\/Blog2\/wp-json\/wp\/v2\/users\/1"}],"replies":[{"embeddable":true,"href":"https:\/\/caran.website\/Blog2\/wp-json\/wp\/v2\/comments?post=19"}],"version-history":[{"count":3,"href":"https:\/\/caran.website\/Blog2\/wp-json\/wp\/v2\/posts\/19\/revisions"}],"predecessor-version":[{"id":43,"href":"https:\/\/caran.website\/Blog2\/wp-json\/wp\/v2\/posts\/19\/revisions\/43"}],"wp:featuredmedia":[{"embeddable":true,"href":"https:\/\/caran.website\/Blog2\/wp-json\/wp\/v2\/media\/29"}],"wp:attachment":[{"href":"https:\/\/caran.website\/Blog2\/wp-json\/wp\/v2\/media?parent=19"}],"wp:term":[{"taxonomy":"category","embeddable":true,"href":"https:\/\/caran.website\/Blog2\/wp-json\/wp\/v2\/categories?post=19"},{"taxonomy":"post_tag","embeddable":true,"href":"https:\/\/caran.website\/Blog2\/wp-json\/wp\/v2\/tags?post=19"}],"curies":[{"name":"wp","href":"https:\/\/api.w.org\/{rel}","templated":true}]}}