{"id":55,"date":"2025-08-02T17:45:03","date_gmt":"2025-08-02T17:45:03","guid":{"rendered":"https:\/\/caran.website\/Blog2\/?p=55"},"modified":"2025-08-02T17:45:04","modified_gmt":"2025-08-02T17:45:04","slug":"primeras-veces","status":"publish","type":"post","link":"https:\/\/caran.website\/Blog2\/2025\/08\/02\/primeras-veces\/","title":{"rendered":"Primeras Veces"},"content":{"rendered":"\n<p class=\"has-medium-font-size\"><strong>Descubrimientos que marcan<\/strong><\/p>\n\n\n\n<p>iajar nos llena de \u201cprimeras veces\u201d. La primera vez que montas en avi\u00f3n, que pruebas una comida rara, que te pierdes en una ciudad nueva o que hablas en otro idioma. Estas experiencias no solo son memorables, sino que tambi\u00e9n nos transforman y nos ense\u00f1an algo de nosotros mismos.<\/p>\n\n\n\n<p>Esta categor\u00eda de tu diario de viaje est\u00e1 dedicada a esos <strong>momentos iniciales<\/strong> que quedan grabados en la memoria por lo que significaron: no por lo perfectos que fueron, sino por lo que provocaron. A veces es una mezcla de nervios, emoci\u00f3n y caos. Otras, una sorpresa inesperada que rompe tus prejuicios.<\/p>\n\n\n\n<p>Aqu\u00ed puedes contar c\u00f3mo fue la primera vez que saliste del pa\u00eds, tu primer viaje en solitario, la primera vez que viste la nieve o tu primer intento de comunicarte en otro idioma. Tambi\u00e9n puedes incluir an\u00e9cdotas peque\u00f1as pero importantes: como la primera vez que navegaste en ferry, dormiste en un aeropuerto o te perdiste y terminaste descubriendo algo mejor.<\/p>\n\n\n\n<p>Este tipo de relatos conectan mucho con los lectores, porque son aut\u00e9nticos y reflejan <strong>el lado m\u00e1s humano del viaje<\/strong>. No importa si fue en una gran ciudad o en un pueblo remoto; lo que importa es c\u00f3mo lo viviste y qu\u00e9 aprendiste.<\/p>\n\n\n\n<figure class=\"wp-block-image size-large is-resized\"><img decoding=\"async\" src=\"https:\/\/media.istockphoto.com\/id\/477385856\/es\/foto\/ala-de-avi%C3%B3n-de-pasajeros.jpg?s=612x612&amp;w=0&amp;k=20&amp;c=p8ao7kVy8S-MgnzNHrSuLpW9Gz1T4htBC68a1_OzYIA=\" alt=\"\" style=\"width:840px;height:auto\"\/><\/figure>\n","protected":false},"excerpt":{"rendered":"<p>Descubrimientos que marcan iajar nos llena de \u201cprimeras veces\u201d. La primera vez que montas en&hellip;<\/p>\n","protected":false},"author":1,"featured_media":56,"comment_status":"open","ping_status":"open","sticky":false,"template":"","format":"standard","meta":{"footnotes":""},"categories":[3],"tags":[],"class_list":["post-55","post","type-post","status-publish","format-standard","has-post-thumbnail","hentry","category-diario_de_viaje"],"_links":{"self":[{"href":"https:\/\/caran.website\/Blog2\/wp-json\/wp\/v2\/posts\/55","targetHints":{"allow":["GET"]}}],"collection":[{"href":"https:\/\/caran.website\/Blog2\/wp-json\/wp\/v2\/posts"}],"about":[{"href":"https:\/\/caran.website\/Blog2\/wp-json\/wp\/v2\/types\/post"}],"author":[{"embeddable":true,"href":"https:\/\/caran.website\/Blog2\/wp-json\/wp\/v2\/users\/1"}],"replies":[{"embeddable":true,"href":"https:\/\/caran.website\/Blog2\/wp-json\/wp\/v2\/comments?post=55"}],"version-history":[{"count":1,"href":"https:\/\/caran.website\/Blog2\/wp-json\/wp\/v2\/posts\/55\/revisions"}],"predecessor-version":[{"id":57,"href":"https:\/\/caran.website\/Blog2\/wp-json\/wp\/v2\/posts\/55\/revisions\/57"}],"wp:featuredmedia":[{"embeddable":true,"href":"https:\/\/caran.website\/Blog2\/wp-json\/wp\/v2\/media\/56"}],"wp:attachment":[{"href":"https:\/\/caran.website\/Blog2\/wp-json\/wp\/v2\/media?parent=55"}],"wp:term":[{"taxonomy":"category","embeddable":true,"href":"https:\/\/caran.website\/Blog2\/wp-json\/wp\/v2\/categories?post=55"},{"taxonomy":"post_tag","embeddable":true,"href":"https:\/\/caran.website\/Blog2\/wp-json\/wp\/v2\/tags?post=55"}],"curies":[{"name":"wp","href":"https:\/\/api.w.org\/{rel}","templated":true}]}}