{"id":61,"date":"2025-08-02T17:52:18","date_gmt":"2025-08-02T17:52:18","guid":{"rendered":"https:\/\/caran.website\/Blog2\/?p=61"},"modified":"2025-08-02T17:53:15","modified_gmt":"2025-08-02T17:53:15","slug":"momentos-de-silencio","status":"publish","type":"post","link":"https:\/\/caran.website\/Blog2\/2025\/08\/02\/momentos-de-silencio\/","title":{"rendered":"Momentos de Silencio"},"content":{"rendered":"\n<p class=\"has-medium-font-size\"><strong>Reflexiones del camino<br><\/strong><\/p>\n\n\n\n<p>No todos los viajes se cuentan en kil\u00f3metros o fotograf\u00edas. Hay partes del viaje que se viven hacia adentro, en silencio, cuando el entorno o la experiencia te obligan a detenerte y observar. Esta categor\u00eda de tu diario est\u00e1 pensada para esos <strong>momentos personales de reflexi\u00f3n, nostalgia, gratitud o aprendizaje<\/strong>.<\/p>\n\n\n\n<p>Pueden ser textos m\u00e1s introspectivos: qu\u00e9 pensaste viendo un amanecer, qu\u00e9 sentiste al caminar solo por una ciudad desconocida, c\u00f3mo te enfrentaste a un miedo o c\u00f3mo te sentiste al volver a casa despu\u00e9s de un viaje largo. Aqu\u00ed, lo importante no es el lugar, sino lo que <strong>ese lugar provoc\u00f3 en ti<\/strong>.<\/p>\n\n\n\n<p>Este tipo de entradas conectan con lectores que no solo quieren ver el destino, sino <strong>entender c\u00f3mo se transforma quien lo vive<\/strong>. Puedes hablar de c\u00f3mo el viaje cambi\u00f3 tu forma de ver el tiempo, tu rutina, tus relaciones o tus prioridades. Incluso puedes incluir extractos de tu libreta de apuntes, frases que escuchaste en el camino o pensamientos sueltos que tuviste mientras viajabas.<\/p>\n\n\n\n<p>En esta categor\u00eda, m\u00e1s que contar lo que hiciste, compartes <strong>c\u00f3mo te sentiste<\/strong>. Y eso, muchas veces, es lo que m\u00e1s inspira a otros a emprender su propio camino.<\/p>\n\n\n\n<figure class=\"wp-block-image size-large is-resized\"><img decoding=\"async\" src=\"https:\/\/static.vecteezy.com\/system\/resources\/thumbnails\/042\/540\/458\/small\/ai-generated-beautiful-spring-detailed-close-up-stream-of-fresh-water-with-young-green-plants-banner-springtime-outdoor-wild-nature-background-plant-flow-flowing-scenery-ecology-photo.jpg\" alt=\"\" style=\"width:840px;height:auto\"\/><\/figure>\n","protected":false},"excerpt":{"rendered":"<p>Reflexiones del camino No todos los viajes se cuentan en kil\u00f3metros o fotograf\u00edas. Hay partes&hellip;<\/p>\n","protected":false},"author":1,"featured_media":62,"comment_status":"open","ping_status":"open","sticky":false,"template":"","format":"standard","meta":{"footnotes":""},"categories":[3],"tags":[],"class_list":["post-61","post","type-post","status-publish","format-standard","has-post-thumbnail","hentry","category-diario_de_viaje"],"_links":{"self":[{"href":"https:\/\/caran.website\/Blog2\/wp-json\/wp\/v2\/posts\/61","targetHints":{"allow":["GET"]}}],"collection":[{"href":"https:\/\/caran.website\/Blog2\/wp-json\/wp\/v2\/posts"}],"about":[{"href":"https:\/\/caran.website\/Blog2\/wp-json\/wp\/v2\/types\/post"}],"author":[{"embeddable":true,"href":"https:\/\/caran.website\/Blog2\/wp-json\/wp\/v2\/users\/1"}],"replies":[{"embeddable":true,"href":"https:\/\/caran.website\/Blog2\/wp-json\/wp\/v2\/comments?post=61"}],"version-history":[{"count":1,"href":"https:\/\/caran.website\/Blog2\/wp-json\/wp\/v2\/posts\/61\/revisions"}],"predecessor-version":[{"id":63,"href":"https:\/\/caran.website\/Blog2\/wp-json\/wp\/v2\/posts\/61\/revisions\/63"}],"wp:featuredmedia":[{"embeddable":true,"href":"https:\/\/caran.website\/Blog2\/wp-json\/wp\/v2\/media\/62"}],"wp:attachment":[{"href":"https:\/\/caran.website\/Blog2\/wp-json\/wp\/v2\/media?parent=61"}],"wp:term":[{"taxonomy":"category","embeddable":true,"href":"https:\/\/caran.website\/Blog2\/wp-json\/wp\/v2\/categories?post=61"},{"taxonomy":"post_tag","embeddable":true,"href":"https:\/\/caran.website\/Blog2\/wp-json\/wp\/v2\/tags?post=61"}],"curies":[{"name":"wp","href":"https:\/\/api.w.org\/{rel}","templated":true}]}}